{"id":444,"date":"2022-02-01T10:34:48","date_gmt":"2022-02-01T09:34:48","guid":{"rendered":"https:\/\/www.eipas.org\/formations\/?p=444"},"modified":"2022-11-20T20:25:09","modified_gmt":"2022-11-20T19:25:09","slug":"newsletter-mieux-vivre-au-travail","status":"publish","type":"post","link":"https:\/\/www.eipas.org\/formations\/newsletter-mieux-vivre-au-travail\/","title":{"rendered":"Publication"},"content":{"rendered":"<div id=\"pl-444\"  class=\"panel-layout\" ><div id=\"pg-444-0\"  class=\"panel-grid panel-no-style\" ><div id=\"pgc-444-0-0\"  class=\"panel-grid-cell\" ><div id=\"panel-444-0-0-0\" class=\"so-panel widget widget_sow-editor panel-first-child panel-last-child\" data-index=\"0\" ><div class=\"so-widget-sow-editor so-widget-sow-editor-base\">\n<div class=\"siteorigin-widget-tinymce textwidget\">\n\t<h3><a href=\"https:\/\/www.lamontagne.fr\/montlucon-03100\/actualites\/l-adef-de-montlucon-allier-forme-ses-salaries-pour-leur-donner-de-nouvelles-competences-et-perenniser-leur-retour-a-l-emploi_14216722\/\" target=\"_blank\" rel=\"noopener\">Voir l'article<\/a><\/h3>\n<p>&nbsp;<\/p>\n<div class=\"contenu\" data-io-article-url=\"\/montlucon-03100\/actualites\/l-adef-de-montlucon-allier-forme-ses-salaries-pour-leur-donner-de-nouvelles-competences-et-perenniser-leur-retour-a-l-emploi_14216722\/\" data-io-canonical-url=\"https:\/\/www.lamontagne.fr\/montlucon-03100\/actualites\/_14216722\/\">\n<div class=\"c-soustitre\">L\u2019ADEF de Montlu\u00e7on (Allier) a organis\u00e9 une formation pour aider dix personnes en retour \u00e0 l\u2019emploi travaillant dans des \u00e9tablissements \u00e9ducatifs \u00e0 monter en comp\u00e9tences, mardi 15 novembre.<\/div>\n<div class=\"p402_premium\">\n<div class=\"texte entry-content\">\n<p>L\u2019ADEF accompagne des personnes pour faciliter leur retour \u00e0 l\u2019emploi par l\u2019insertion \u00e9conomique. Afin que ce retour soit le plus p\u00e9renne possible, l\u2019association propose des formations \u00e0 ses salari\u00e9s en mission.<\/p>\n<div class=\"bloc responsive_publicite_position pub sansFilet\">\n<div class=\"advertise-box publicite_position relative parent_placeholder\">\n<div class=\"advertise pub-inner ivbsFix\">\n<div id=\"div-gpt--732377866-article\" class=\"placeholder placeholder_article removePlaceholder\" data-google-query-id=\"CPHsvuS7vfsCFeZC9ggd7HIKzw\">\n<div id=\"google_ads_iframe_\/31755961,22574838513\/GCF_lamontagne.fr\/desktop\/T3\/article_0__container__\" data-adloox-type=\"slot\" data-adloox-sid=\"79366346356\">\n<div id=\"divVideoStepAdTop\" class=\"divVideoStep\">\n<div id=\"invibes_lamontagned\">\n<div id=\"divMosaic+[HtmlId]\" class=\"ivbsGeneral\">\n<div><\/div>\n<div id=\"ivThumbContainer\" class=\"ivThumbContainer\" data-integralas-id-7ea8a8db-b6fa-e9f9-abde-ebccfe32e0e3=\"\" data-integralas-id-47df1b98-1f34-24ce-bc9e-d6e64376c046=\"\">\n<div class=\"ivbsDescription\">\n<p><span style=\"font-size: 1rem;\">\u00ab Ce ne sont pas des gens qui ont la qualification requise mais on leur permet d\u2019acqu\u00e9rir les comp\u00e9tences par le travail et la formation \u00bb, souligne Marie-Christine Brosset, manager des agences ADEF de Montlu\u00e7on et Commentry.<\/span><\/p>\n<\/div>\n<\/div>\n<\/div>\n<\/div>\n<\/div>\n<\/div>\n<\/div>\n<\/div>\n<\/div>\n<\/div>\n<h3>Mieux r\u00e9agir face \u00e0 la violence<\/h3>\n<p>Dix personnes qui interviennent depuis quelques mois, pour la plupart, en \u00e9tablissement \u00e9ducatif ont b\u00e9n\u00e9fici\u00e9 d\u2019une <a href=\"https:\/\/www.eipas.org\/formations\/formation\/faire-face-a-lagressivite\/\" target=\"_blank\" rel=\"noopener\">formation pour mieux faire face \u00e0 la violence<\/a> dont font parfois preuve les enfants et les adolescents plac\u00e9s, mardi 15 novembre.<\/p>\n<p>Venant d\u2019horizons tr\u00e8s divers (plaquiste, salari\u00e9 de la chimie, charg\u00e9 de communication, assistant de vie\u2026), d\u2019\u00e2ges diff\u00e9rents, les dix participants \u00e0 la formation ont tr\u00e8s vite \u00e9t\u00e9 confront\u00e9s \u00e0 cette violence.<\/p>\n<h3>\u00ab Joindre la th\u00e9orie et\u00a0 la pratique \u00bb<\/h3>\n<p><a href=\"https:\/\/adef-emploi.fr\/agence\/adef-allier-4\/\" target=\"_blank\" rel=\"noopener\">L\u2019ADEF<\/a> donc fait appel \u00e0 l\u2019<a href=\"https:\/\/www.eipas.org\/\" target=\"_blank\" rel=\"noopener\">association EIPAS<\/a> (Espace Investigation Pr\u00e9vention Accompagnement du Stress) pour leur donner des cl\u00e9s pour <a href=\"https:\/\/www.eipas.org\/formations\/formation\/faire-face-a-lagressivite\/\" target=\"_blank\" rel=\"noopener\">bien r\u00e9agir dans les situations difficiles<\/a>. \u00ab Cette formation avait pour but de voir comment joindre la th\u00e9orie \u00e0 la pratique. Des fois, il y a un foss\u00e9 entre les deux mais \u00e7a donne une base qui permettra de d\u00e9velopper et de changer nos pratiques si besoin \u00bb, souligne les participants.<\/p>\n<div class=\"bloc responsive_publicite_position pub sansFilet\">\n<div class=\"advertise-box publicite_position relative parent_placeholder\">\n<div class=\"advertise pub-inner\">\n<div id=\"div-gpt--1228877316-article2\" class=\"placeholder placeholder_article2\"><\/div>\n<\/div>\n<\/div>\n<\/div>\n<p>\u00ab La formation est aussi un sas d\u2019\u00e9changes. Cela permet de reconna\u00eetre les comp\u00e9tences que l\u2019on a su\u00a0utiliser dans une <a href=\"https:\/\/www.eipas.org\/formations\/formation\/faire-face-a-lagressivite\/\" target=\"_blank\" rel=\"noopener\">situation de violence<\/a>, et de <a href=\"https:\/\/www.eipas.org\/formations\/formation\/gerer-un-conflit-savoir-leviter-savoir-le-depasser\/\" target=\"_blank\" rel=\"noopener\">trouver des r\u00e9ponses<\/a> pour comprendre l\u2019origine de cette situation \u00bb, compl\u00e8te Marie-Christine Brosset.<\/p>\n<p class=\"c-lireaussi\"><a href=\"https:\/\/www.lamontagne.fr\/montlucon-03100\/actualites\/comment-l-insertion-professionnelle-vient-en-aide-au-secteur-medico-social-a-montlucon-allier_14100911\/\">Comment l'insertion professionnelle vient en aide au secteur m\u00e9dico-social \u00e0 Montlu\u00e7on (Allier) ?<\/a><\/p>\n<h3>Des m\u00e9tiers extr\u00eamement int\u00e9ressants<\/h3>\n<p>Si dix personnes pr\u00e9sentes \u00e0 la formation reconnaissent que les m\u00e9tiers dans les \u00e9tablissements \u00e9ducatifs demandent \u00e9norm\u00e9ment, tous les trouvent extr\u00eamement int\u00e9ressants, voire gratifiants.<\/p>\n<p>L\u2019ADEF leur proposera d\u2019autres formations pour poursuivre leur mont\u00e9e en comp\u00e9tences.<\/p>\n<div class=\"c-encadre\">\n<p>L\u2019ADEF est au 19 rue Barathon. Renseignements au 04.70.05.49.99.<\/p>\n<\/div>\n<div class=\"bloc responsive_publicite_position pub sansFilet\">\n<div class=\"advertise-box publicite_position relative parent_placeholder\">\n<div class=\"advertise pub-inner\">\n<div id=\"div-gpt--1228877315-article3\" class=\"placeholder placeholder_article3\"><\/div>\n<\/div>\n<\/div>\n<\/div>\n<p><em><strong>Florence Farina<\/strong><\/em><\/p>\n<\/div>\n<\/div>\n<\/div>\n<div><\/div>\n<ul class=\"c-tags list-inline\">\n<li><a class=\"t-simple\" href=\"https:\/\/www.lamontagne.fr\/montlucon-03100\/\">MONTLU\u00c7ON<\/a><\/li>\n<li><a class=\"t-simple t-social\" href=\"https:\/\/www.lamontagne.fr\/theme\/social\/\">SOCIAL<\/a><\/li>\n<li><a class=\"t-simple t-allier\" href=\"https:\/\/www.lamontagne.fr\/theme\/allier\/\">ALLIER<\/a><\/li>\n<\/ul>\n<\/div>\n<\/div><\/div><\/div><\/div><\/div>","protected":false},"excerpt":{"rendered":"<p>Voir l&rsquo;article &nbsp; L\u2019ADEF de Montlu\u00e7on (Allier) a organis\u00e9 une formation pour aider dix personnes en retour \u00e0 l\u2019emploi travaillant dans des \u00e9tablissements \u00e9ducatifs \u00e0 monter en comp\u00e9tences, mardi 15 novembre. L\u2019ADEF accompagne des personnes pour faciliter leur retour \u00e0 l\u2019emploi par l\u2019insertion \u00e9conomique. Afin que ce retour soit le plus p\u00e9renne possible, l\u2019association propose [&hellip;]<\/p>\n","protected":false},"author":1,"featured_media":1868,"comment_status":"closed","ping_status":"closed","sticky":true,"template":"","format":"standard","meta":{"footnotes":""},"categories":[9],"tags":[],"class_list":["post-444","post","type-post","status-publish","format-standard","has-post-thumbnail","hentry","category-actualites"],"acf":[],"_links":{"self":[{"href":"https:\/\/www.eipas.org\/formations\/wp-json\/wp\/v2\/posts\/444","targetHints":{"allow":["GET"]}}],"collection":[{"href":"https:\/\/www.eipas.org\/formations\/wp-json\/wp\/v2\/posts"}],"about":[{"href":"https:\/\/www.eipas.org\/formations\/wp-json\/wp\/v2\/types\/post"}],"author":[{"embeddable":true,"href":"https:\/\/www.eipas.org\/formations\/wp-json\/wp\/v2\/users\/1"}],"replies":[{"embeddable":true,"href":"https:\/\/www.eipas.org\/formations\/wp-json\/wp\/v2\/comments?post=444"}],"version-history":[{"count":20,"href":"https:\/\/www.eipas.org\/formations\/wp-json\/wp\/v2\/posts\/444\/revisions"}],"predecessor-version":[{"id":1880,"href":"https:\/\/www.eipas.org\/formations\/wp-json\/wp\/v2\/posts\/444\/revisions\/1880"}],"wp:featuredmedia":[{"embeddable":true,"href":"https:\/\/www.eipas.org\/formations\/wp-json\/wp\/v2\/media\/1868"}],"wp:attachment":[{"href":"https:\/\/www.eipas.org\/formations\/wp-json\/wp\/v2\/media?parent=444"}],"wp:term":[{"taxonomy":"category","embeddable":true,"href":"https:\/\/www.eipas.org\/formations\/wp-json\/wp\/v2\/categories?post=444"},{"taxonomy":"post_tag","embeddable":true,"href":"https:\/\/www.eipas.org\/formations\/wp-json\/wp\/v2\/tags?post=444"}],"curies":[{"name":"wp","href":"https:\/\/api.w.org\/{rel}","templated":true}]}}